{"id":608,"date":"2014-02-10T05:53:05","date_gmt":"2014-02-10T04:53:05","guid":{"rendered":"http:\/\/www.berengi.de\/wpb\/?p=608"},"modified":"2019-09-23T22:57:41","modified_gmt":"2019-09-23T20:57:41","slug":"lost-places-vi-der-eichhof-in-eckardtsheim-bielefeld","status":"publish","type":"post","link":"https:\/\/www.berengi.de\/wpb\/2014\/02\/lost-places-vi-der-eichhof-in-eckardtsheim-bielefeld\/","title":{"rendered":"Lost Places &#8211; Der Eichhof in Eckardtsheim (Bielefeld)"},"content":{"rendered":"<p>Im Jahre 1886 er\u00f6ffnete die &#8222;Anstalt Bethel&#8220; den Eichhof als Pensionat f\u00fcr nervenleidende M\u00e4nner aus bemittelten St\u00e4nden. Die Bewohner waren h\u00e4ufig\u00a0 alkoholkranke M\u00e4nner aus wohlhabenden Familien. Die Pflege musste von diesen privat bezahlt werden. 1998 zogen die letzten drei Bewohner aus und kurz danach wurde das Geb\u00e4ude verkauft.<br \/>\nWie in jedem Gem\u00e4uer das was auf sich h\u00e4lt, soll es im Eichhof nat\u00fcrlich auch spuken. Glauben zumindest einige Zeitgenossen.<br \/>\nIm Mai 2013 hat es im Geb\u00e4ude gebrannt und es muss wohl abgerissen werden.<\/p>\n\n\t\t<style type=\"text\/css\">\n\t\t\t#gallery-1 {\n\t\t\t\tmargin: auto;\n\t\t\t}\n\t\t\t#gallery-1 .gallery-item {\n\t\t\t\tfloat: left;\n\t\t\t\tmargin-top: 10px;\n\t\t\t\ttext-align: center;\n\t\t\t\twidth: 33%;\n\t\t\t}\n\t\t\t#gallery-1 img {\n\t\t\t\tborder: 2px solid #cfcfcf;\n\t\t\t}\n\t\t\t#gallery-1 .gallery-caption {\n\t\t\t\tmargin-left: 0;\n\t\t\t}\n\t\t\t\/* see gallery_shortcode() in wp-includes\/media.php *\/\n\t\t<\/style>\n\t\t<div id='gallery-1' class='gallery galleryid-608 gallery-columns-3 gallery-size-thumbnail'><dl class='gallery-item'>\n\t\t\t<dt class='gallery-icon landscape'>\n\t\t\t\t<a href='https:\/\/www.berengi.de\/wpb\/wp-content\/uploads\/2014\/02\/eichhof01.jpg'><img loading=\"lazy\" decoding=\"async\" width=\"150\" height=\"150\" src=\"https:\/\/www.berengi.de\/wpb\/wp-content\/uploads\/2014\/02\/eichhof01-150x150.jpg\" class=\"attachment-thumbnail size-thumbnail\" alt=\"\" aria-describedby=\"gallery-1-609\" \/><\/a>\n\t\t\t<\/dt>\n\t\t\t\t<dd class='wp-caption-text gallery-caption' id='gallery-1-609'>\n\t\t\t\tDer Eichhof in Eckardtsheim (Bielefeld)\n\t\t\t\t<\/dd><\/dl><dl class='gallery-item'>\n\t\t\t<dt class='gallery-icon landscape'>\n\t\t\t\t<a href='https:\/\/www.berengi.de\/wpb\/wp-content\/uploads\/2014\/02\/eichhof02.jpg'><img loading=\"lazy\" decoding=\"async\" width=\"150\" height=\"150\" src=\"https:\/\/www.berengi.de\/wpb\/wp-content\/uploads\/2014\/02\/eichhof02-150x150.jpg\" class=\"attachment-thumbnail size-thumbnail\" alt=\"\" aria-describedby=\"gallery-1-610\" \/><\/a>\n\t\t\t<\/dt>\n\t\t\t\t<dd class='wp-caption-text gallery-caption' id='gallery-1-610'>\n\t\t\t\tEin Badezimmer im Eichhof\n\t\t\t\t<\/dd><\/dl><dl class='gallery-item'>\n\t\t\t<dt class='gallery-icon landscape'>\n\t\t\t\t<a href='https:\/\/www.berengi.de\/wpb\/wp-content\/uploads\/2014\/02\/eichhof03.jpg'><img loading=\"lazy\" decoding=\"async\" width=\"150\" height=\"150\" src=\"https:\/\/www.berengi.de\/wpb\/wp-content\/uploads\/2014\/02\/eichhof03-150x150.jpg\" class=\"attachment-thumbnail size-thumbnail\" alt=\"\" aria-describedby=\"gallery-1-611\" \/><\/a>\n\t\t\t<\/dt>\n\t\t\t\t<dd class='wp-caption-text gallery-caption' id='gallery-1-611'>\n\t\t\t\tVerfallenes Treppenhaus im Eichhof\n\t\t\t\t<\/dd><\/dl><br style=\"clear: both\" \/><dl class='gallery-item'>\n\t\t\t<dt class='gallery-icon landscape'>\n\t\t\t\t<a href='https:\/\/www.berengi.de\/wpb\/wp-content\/uploads\/2014\/02\/eichhof04.jpg'><img loading=\"lazy\" decoding=\"async\" width=\"150\" height=\"150\" src=\"https:\/\/www.berengi.de\/wpb\/wp-content\/uploads\/2014\/02\/eichhof04-150x150.jpg\" class=\"attachment-thumbnail size-thumbnail\" alt=\"\" aria-describedby=\"gallery-1-612\" \/><\/a>\n\t\t\t<\/dt>\n\t\t\t\t<dd class='wp-caption-text gallery-caption' id='gallery-1-612'>\n\t\t\t\tInnenansichten des Eichhof\n\t\t\t\t<\/dd><\/dl><dl class='gallery-item'>\n\t\t\t<dt class='gallery-icon landscape'>\n\t\t\t\t<a href='https:\/\/www.berengi.de\/wpb\/wp-content\/uploads\/2014\/02\/eichhof05.jpg'><img loading=\"lazy\" decoding=\"async\" width=\"150\" height=\"150\" src=\"https:\/\/www.berengi.de\/wpb\/wp-content\/uploads\/2014\/02\/eichhof05-150x150.jpg\" class=\"attachment-thumbnail size-thumbnail\" alt=\"\" aria-describedby=\"gallery-1-613\" \/><\/a>\n\t\t\t<\/dt>\n\t\t\t\t<dd class='wp-caption-text gallery-caption' id='gallery-1-613'>\n\t\t\t\tInnenansichten des Eichhof\n\t\t\t\t<\/dd><\/dl><dl class='gallery-item'>\n\t\t\t<dt class='gallery-icon landscape'>\n\t\t\t\t<a href='https:\/\/www.berengi.de\/wpb\/wp-content\/uploads\/2014\/02\/eichhof06.jpg'><img loading=\"lazy\" decoding=\"async\" width=\"150\" height=\"150\" src=\"https:\/\/www.berengi.de\/wpb\/wp-content\/uploads\/2014\/02\/eichhof06-150x150.jpg\" class=\"attachment-thumbnail size-thumbnail\" alt=\"\" aria-describedby=\"gallery-1-614\" \/><\/a>\n\t\t\t<\/dt>\n\t\t\t\t<dd class='wp-caption-text gallery-caption' id='gallery-1-614'>\n\t\t\t\tBlick aus dem Keller\n\t\t\t\t<\/dd><\/dl><br style=\"clear: both\" \/><dl class='gallery-item'>\n\t\t\t<dt class='gallery-icon landscape'>\n\t\t\t\t<a href='https:\/\/www.berengi.de\/wpb\/wp-content\/uploads\/2014\/02\/eichhof07.jpg'><img loading=\"lazy\" decoding=\"async\" width=\"150\" height=\"150\" src=\"https:\/\/www.berengi.de\/wpb\/wp-content\/uploads\/2014\/02\/eichhof07-150x150.jpg\" class=\"attachment-thumbnail size-thumbnail\" alt=\"\" aria-describedby=\"gallery-1-615\" \/><\/a>\n\t\t\t<\/dt>\n\t\t\t\t<dd class='wp-caption-text gallery-caption' id='gallery-1-615'>\n\t\t\t\tDer Eichhof in Eckardtsheim (Bielefeld)\n\t\t\t\t<\/dd><\/dl><dl class='gallery-item'>\n\t\t\t<dt class='gallery-icon landscape'>\n\t\t\t\t<a href='https:\/\/www.berengi.de\/wpb\/wp-content\/uploads\/2014\/02\/eichhof08.jpg'><img loading=\"lazy\" decoding=\"async\" width=\"150\" height=\"150\" src=\"https:\/\/www.berengi.de\/wpb\/wp-content\/uploads\/2014\/02\/eichhof08-150x150.jpg\" class=\"attachment-thumbnail size-thumbnail\" alt=\"\" aria-describedby=\"gallery-1-616\" \/><\/a>\n\t\t\t<\/dt>\n\t\t\t\t<dd class='wp-caption-text gallery-caption' id='gallery-1-616'>\n\t\t\t\tDer Eichhof in Eckardtsheim (Bielefeld)\n\t\t\t\t<\/dd><\/dl><dl class='gallery-item'>\n\t\t\t<dt class='gallery-icon landscape'>\n\t\t\t\t<a href='https:\/\/www.berengi.de\/wpb\/wp-content\/uploads\/2014\/02\/eichhof09.jpg'><img loading=\"lazy\" decoding=\"async\" width=\"150\" height=\"150\" src=\"https:\/\/www.berengi.de\/wpb\/wp-content\/uploads\/2014\/02\/eichhof09-150x150.jpg\" class=\"attachment-thumbnail size-thumbnail\" alt=\"\" aria-describedby=\"gallery-1-617\" \/><\/a>\n\t\t\t<\/dt>\n\t\t\t\t<dd class='wp-caption-text gallery-caption' id='gallery-1-617'>\n\t\t\t\tDer Eichhof in Eckardtsheim (Bielefeld)\n\t\t\t\t<\/dd><\/dl><br style=\"clear: both\" \/>\n\t\t<\/div>\n\n<p>Die Bilder sind alle im Juni 2011 aufgenommen worden.<br \/>\nSiehe auch <a href=\"\/wpb\/tag\/lost-places\/\">Lost Places<\/a><\/p>\n","protected":false},"excerpt":{"rendered":"<p>Im Jahre 1886 er\u00f6ffnete die &#8222;Anstalt Bethel&#8220; den Eichhof als Pensionat f\u00fcr nervenleidende M\u00e4nner aus bemittelten St\u00e4nden. Die Bewohner waren h\u00e4ufig\u00a0 alkoholkranke M\u00e4nner aus wohlhabenden Familien. Die Pflege musste von diesen privat bezahlt werden. 1998 zogen die letzten drei Bewohner aus und kurz danach wurde das Geb\u00e4ude verkauft. Wie in jedem Gem\u00e4uer das was auf [&hellip;]<\/p>\n","protected":false},"author":1,"featured_media":0,"comment_status":"open","ping_status":"open","sticky":false,"template":"","format":"standard","meta":{"footnotes":""},"categories":[5],"tags":[37,41,40,20],"class_list":["post-608","post","type-post","status-publish","format-standard","hentry","category-images","tag-bielefeld","tag-eckardtsheim","tag-eichhof","tag-lost-places"],"_links":{"self":[{"href":"https:\/\/www.berengi.de\/wpb\/wp-json\/wp\/v2\/posts\/608","targetHints":{"allow":["GET"]}}],"collection":[{"href":"https:\/\/www.berengi.de\/wpb\/wp-json\/wp\/v2\/posts"}],"about":[{"href":"https:\/\/www.berengi.de\/wpb\/wp-json\/wp\/v2\/types\/post"}],"author":[{"embeddable":true,"href":"https:\/\/www.berengi.de\/wpb\/wp-json\/wp\/v2\/users\/1"}],"replies":[{"embeddable":true,"href":"https:\/\/www.berengi.de\/wpb\/wp-json\/wp\/v2\/comments?post=608"}],"version-history":[{"count":0,"href":"https:\/\/www.berengi.de\/wpb\/wp-json\/wp\/v2\/posts\/608\/revisions"}],"wp:attachment":[{"href":"https:\/\/www.berengi.de\/wpb\/wp-json\/wp\/v2\/media?parent=608"}],"wp:term":[{"taxonomy":"category","embeddable":true,"href":"https:\/\/www.berengi.de\/wpb\/wp-json\/wp\/v2\/categories?post=608"},{"taxonomy":"post_tag","embeddable":true,"href":"https:\/\/www.berengi.de\/wpb\/wp-json\/wp\/v2\/tags?post=608"}],"curies":[{"name":"wp","href":"https:\/\/api.w.org\/{rel}","templated":true}]}}