{"id":27,"date":"2011-01-19T21:29:42","date_gmt":"2011-01-19T20:29:42","guid":{"rendered":"http:\/\/berengi.de\/wpb\/?p=27"},"modified":"2011-01-19T21:29:42","modified_gmt":"2011-01-19T20:29:42","slug":"die-nacht","status":"publish","type":"post","link":"https:\/\/www.berengi.de\/wpb\/2011\/01\/die-nacht\/","title":{"rendered":"Die Nacht"},"content":{"rendered":"<p>Auf jede Nacht folgt ein Tag,<br \/>\nso sagt man,<br \/>\nund so war es bisher auch immer.<br \/>\nEs zieht zum Licht,<br \/>\nin der Dunkelheit der Nacht sind sie hilflos,<br \/>\nk\u00f6nnen sich nicht orientieren,<br \/>\nes fehlt die N\u00e4he zu den Anderen,<br \/>\nzu der Welt.<br \/>\nPl\u00f6tzlich ganz auf sich gestellt,<br \/>\ndas L\u00e4rmen des Tages ist l\u00e4ngst verklungen,<br \/>\ngewichen der Stille der Nacht.<br \/>\nUnd nun nehmen ihre Ohren Ger\u00e4usche war,<br \/>\nLaute die sie noch nie geh\u00f6rt,<br \/>\ndie sonst von dem Krach der Menschen \u00fcbert\u00f6nt wurden,<br \/>\nund nun haben sie angst,<br \/>\nh\u00f6ren ihr eigenes Herz schlagen,<br \/>\nnehmen sich bewuster war als je zuvor.<br \/>\nDer Horizont ist nicht zu sehen<br \/>\nund der Mond erhellt nur schwach die Landschaft.<br \/>\nAngst,<br \/>\nich bin allein.<\/p>\n<p>So sind sie,<br \/>\ndas hektische Leben ohne Ich sind sie gewohnt,<br \/>\ndoch sich,<br \/>\nnur sich,<br \/>\nk\u00f6nnen sie nicht ertragen.<\/p>\n<p><em>Paderborn, 15.11.1996<\/em><\/p>\n","protected":false},"excerpt":{"rendered":"<p>Auf jede Nacht folgt ein Tag, so sagt man, und so war es bisher auch immer. Es zieht zum Licht, in der Dunkelheit der Nacht sind sie hilflos, k\u00f6nnen sich nicht orientieren, es fehlt die N\u00e4he zu den Anderen, zu der Welt. Pl\u00f6tzlich ganz auf sich gestellt, das L\u00e4rmen des Tages ist l\u00e4ngst verklungen, gewichen [&hellip;]<\/p>\n","protected":false},"author":1,"featured_media":0,"comment_status":"open","ping_status":"closed","sticky":false,"template":"","format":"standard","meta":{"footnotes":""},"categories":[3],"tags":[],"class_list":["post-27","post","type-post","status-publish","format-standard","hentry","category-lyrics"],"_links":{"self":[{"href":"https:\/\/www.berengi.de\/wpb\/wp-json\/wp\/v2\/posts\/27","targetHints":{"allow":["GET"]}}],"collection":[{"href":"https:\/\/www.berengi.de\/wpb\/wp-json\/wp\/v2\/posts"}],"about":[{"href":"https:\/\/www.berengi.de\/wpb\/wp-json\/wp\/v2\/types\/post"}],"author":[{"embeddable":true,"href":"https:\/\/www.berengi.de\/wpb\/wp-json\/wp\/v2\/users\/1"}],"replies":[{"embeddable":true,"href":"https:\/\/www.berengi.de\/wpb\/wp-json\/wp\/v2\/comments?post=27"}],"version-history":[{"count":0,"href":"https:\/\/www.berengi.de\/wpb\/wp-json\/wp\/v2\/posts\/27\/revisions"}],"wp:attachment":[{"href":"https:\/\/www.berengi.de\/wpb\/wp-json\/wp\/v2\/media?parent=27"}],"wp:term":[{"taxonomy":"category","embeddable":true,"href":"https:\/\/www.berengi.de\/wpb\/wp-json\/wp\/v2\/categories?post=27"},{"taxonomy":"post_tag","embeddable":true,"href":"https:\/\/www.berengi.de\/wpb\/wp-json\/wp\/v2\/tags?post=27"}],"curies":[{"name":"wp","href":"https:\/\/api.w.org\/{rel}","templated":true}]}}